{"id":1703,"date":"2025-04-14T13:13:44","date_gmt":"2025-04-14T11:13:44","guid":{"rendered":"https:\/\/roneuro.ro\/blog\/?p=1703"},"modified":"2025-04-14T13:22:33","modified_gmt":"2025-04-14T11:22:33","slug":"cauzele-si-tratamentul-amneziei","status":"publish","type":"post","link":"https:\/\/roneuro.ro\/blog\/cauzele-si-tratamentul-amneziei\/","title":{"rendered":"Cauzele \u0219i tratamentul amneziei"},"content":{"rendered":"\n<h2 data-start=\"0\" data-end=\"35\">Cauzele \u0219i tratamentul amneziei<\/h2>\n<p class=\"\" data-start=\"37\" data-end=\"1047\"><a href=\"https:\/\/roneuro.ro\/blog\/amnezia\/\">Amnezia<\/a> poate avea multiple cauze, de la afec\u021biuni organice grave \u2013 cum ar fi accidentele vasculare cerebrale, traumatismele craniene, bolile neurodegenerative \u0219i infec\u021biile cerebrale \u2013 p\u00e2n\u0103 la factori psihoemo\u021bionali precum stresul cronic, traumele emo\u021bionale \u0219i anumite tulbur\u0103ri psihiatrice. Stilul de via\u021b\u0103, inclusiv consumul excesiv de alcool, fumatul sau caren\u021bele nutri\u021bionale, contribuie de asemenea la apari\u021bia tulbur\u0103rilor de memorie. Diagnosticul amneziei implic\u0103 o evaluare complex\u0103 \u0219i multidisciplinar\u0103, incluz\u00e2nd investiga\u021bii neurologice, psihologice, teste cognitive, imagistic\u0103 cerebral\u0103 \u0219i analize de laborator. Tratamentul este adaptat cauzei de baz\u0103 \u0219i presupune, pe l\u00e2ng\u0103 tratamentul medical specific, reabilitare cognitiv\u0103, terapie ocupa\u021bional\u0103, consiliere psihologic\u0103 \u0219i schimb\u0103ri esen\u021biale \u00een stilul de via\u021b\u0103. \u00cen unele cazuri, sunt explorate \u0219i terapii emergente, precum stimularea cerebral\u0103. Toate interven\u021biile urm\u0103resc refacerea memoriei \u0219i \u00eembun\u0103t\u0103\u021birea calit\u0103\u021bii vie\u021bii pacientului.<\/p>\n<h2>Care sunt cauzele amneziei?<\/h2>\n<p>Cauzele amneziei pot fi organice, determinate mai ales de boli neurologice, cauze psihoemo\u021bionale \u0219i de stil de via\u021b\u0103 precum alcoolismul, fumatul \u0219i altele, sau cauze mixte.<\/p>\n<ul>\n<li>Cauze organice (\u00een special boli neurologice);<\/li>\n<li>Cauze psihoemo\u021bionale corelate cu stilul de via\u021b\u0103.<\/li>\n<\/ul>\n<p>Cauzele organice pot fi clasificate \u00een func\u021bie de factorul generator [1] precum <a href=\"https:\/\/www.roneuro.ro\/specialitati\/neurologie.html\">boli neurologice<\/a>, neurovasculare, neurodegenerative [2], tumori [3], traumatisme \u0219i anumite interven\u021bii medicale.<\/p>\n<h3>Cauze organice ale amneziei<\/h3>\n<p>Cauzele organice ale amneziei includ:<\/p>\n<ul>\n<li><a href=\"https:\/\/roneuro.ro\/blog\/accidentul-vascular-cerebral\/\">Accidentul vascular cerebral<\/a> (datorit\u0103 tulbur\u0103rii func\u021biei hipocampului);<\/li>\n<li>Tumori cerebrale;<\/li>\n<li>Encefalit\u0103 (inflama\u021bia creierului), hidrocefalie (acumulare de lichid \u00een creier);<\/li>\n<li><a href=\"https:\/\/roneuro.ro\/blog\/ce-sunt-traumatismele-craniocerebrale\/\">Traumatisme cranio-cerebrale<\/a>;<\/li>\n<li><a href=\"https:\/\/roneuro.ro\/blog\/dementa-alzheimer\/\">Demen\u021b\u0103, Boala Alzheimer<\/a>, Boala Parkinson, etc.;<\/li>\n<li><a href=\"https:\/\/roneuro.ro\/blog\/ce-este-scleroza-multipla\/\">Scleroza multipl\u0103<\/a>;<\/li>\n<li><a href=\"https:\/\/roneuro.ro\/blog\/ce-este-epilepsia\/\">Crize de epilepsie<\/a>;<\/li>\n<li>Hipotiroidism &#8211; afecteaz\u0103 metabolismul cerebral;<\/li>\n<li>Deficien\u021be nutri\u021bionale (B1, B12).<\/li>\n<\/ul>\n<p><img fetchpriority=\"high\" decoding=\"async\" class=\"aligncenter wp-image-1705\" src=\"https:\/\/roneuro.ro\/blog\/wp-content\/uploads\/2025\/04\/cauzele-organice-ale-amneziei-scaled.jpg\" alt=\"\" width=\"600\" height=\"493\" title=\"\" srcset=\"https:\/\/roneuro.ro\/blog\/wp-content\/uploads\/2025\/04\/cauzele-organice-ale-amneziei-scaled.jpg 2560w, https:\/\/roneuro.ro\/blog\/wp-content\/uploads\/2025\/04\/cauzele-organice-ale-amneziei-300x246.jpg 300w, https:\/\/roneuro.ro\/blog\/wp-content\/uploads\/2025\/04\/cauzele-organice-ale-amneziei-1024x841.jpg 1024w, https:\/\/roneuro.ro\/blog\/wp-content\/uploads\/2025\/04\/cauzele-organice-ale-amneziei-768x631.jpg 768w, https:\/\/roneuro.ro\/blog\/wp-content\/uploads\/2025\/04\/cauzele-organice-ale-amneziei-1536x1262.jpg 1536w, https:\/\/roneuro.ro\/blog\/wp-content\/uploads\/2025\/04\/cauzele-organice-ale-amneziei-2048x1683.jpg 2048w, https:\/\/roneuro.ro\/blog\/wp-content\/uploads\/2025\/04\/cauzele-organice-ale-amneziei-750x616.jpg 750w, https:\/\/roneuro.ro\/blog\/wp-content\/uploads\/2025\/04\/cauzele-organice-ale-amneziei-1140x937.jpg 1140w\" sizes=\"(max-width: 600px) 100vw, 600px\" \/><\/p>\n<blockquote><p>Alte cauze ale amneziei pot fi determinate de: infec\u021bii ale creierului, hipoxie, ischemie, intoxica\u021bie cu monoxid de carbon sau alte forme de privare de oxigen.<\/p><\/blockquote>\n<h3>Cauze determinate de unele interven\u021bii medicale<\/h3>\n<p>Unii pacien\u021bi care se recupereaz\u0103 dup\u0103 interven\u021biile chirurgicale pe creier se confrunt\u0103 cu anumite modific\u0103ri cognitive, dar acestea se pot trata prin metode de reabilitare cognitiv\u0103 sau pot fi tranzitorii [4]. \u00cen alte situa\u021bii, amnezia retrograd\u0103 poate apare ca efect cognitiv advers al terapiei electroconvulsive [5].<\/p>\n<h3>Cauze psihoemo\u021bionale corelate cu stilul de via\u021b\u0103<\/h3>\n<p>Expunerea cronic\u0103 la situa\u021bii traumatice, cum ar fi abuzul sau violen\u021ba domestic\u0103, poate conduce la suprimarea memoriei emo\u021bionale ca strategie de supravie\u021buire [6]. Cauzele amneziei favorizate de stilul de via\u021b\u0103 includ diverse obiceiuri d\u0103un\u0103toare precum fumatul, <a href=\"https:\/\/roneuro.ro\/blog\/legatura-dintre-alcool-si-dementa\/\">consumul excesiv de alcool<\/a> [7], care gr\u0103besc declinul cognitiv.<\/p>\n<ul>\n<li>Stres emo\u021bional, <a href=\"https:\/\/roneuro.ro\/blog\/ce-este-anxietatea\/\">anxietate<\/a>, PTSD, etc;<\/li>\n<li><a href=\"https:\/\/roneuro.ro\/blog\/ce-este-depresia\/\">Depresie<\/a>, schizofrenie, tulburare bipolar\u0103, etc.,<\/li>\n<li>Traume emo\u021bionale din copil\u0103rie;<\/li>\n<li>Consumul de alcool \u00een exces;<\/li>\n<li>Fumatul.<\/li>\n<\/ul>\n<p><img decoding=\"async\" class=\"aligncenter wp-image-1706\" src=\"https:\/\/roneuro.ro\/blog\/wp-content\/uploads\/2025\/04\/cauzele-emotionale-ale-amneziei-scaled.jpg\" alt=\"\" width=\"600\" height=\"232\" title=\"\" srcset=\"https:\/\/roneuro.ro\/blog\/wp-content\/uploads\/2025\/04\/cauzele-emotionale-ale-amneziei-scaled.jpg 2560w, https:\/\/roneuro.ro\/blog\/wp-content\/uploads\/2025\/04\/cauzele-emotionale-ale-amneziei-300x116.jpg 300w, https:\/\/roneuro.ro\/blog\/wp-content\/uploads\/2025\/04\/cauzele-emotionale-ale-amneziei-1024x395.jpg 1024w, https:\/\/roneuro.ro\/blog\/wp-content\/uploads\/2025\/04\/cauzele-emotionale-ale-amneziei-768x296.jpg 768w, https:\/\/roneuro.ro\/blog\/wp-content\/uploads\/2025\/04\/cauzele-emotionale-ale-amneziei-1536x593.jpg 1536w, https:\/\/roneuro.ro\/blog\/wp-content\/uploads\/2025\/04\/cauzele-emotionale-ale-amneziei-2048x791.jpg 2048w, https:\/\/roneuro.ro\/blog\/wp-content\/uploads\/2025\/04\/cauzele-emotionale-ale-amneziei-750x289.jpg 750w, https:\/\/roneuro.ro\/blog\/wp-content\/uploads\/2025\/04\/cauzele-emotionale-ale-amneziei-1140x440.jpg 1140w\" sizes=\"(max-width: 600px) 100vw, 600px\" \/><\/p>\n<h2>Resurse \u0219i suport pentru pacien\u021bi<\/h2>\n<p>Dac\u0103 ave\u021bi oricare din simptomele anterior amintite \u0219i b\u0103nui\u021bi c\u0103 ave\u021bi amnezie, sau dac\u0103 ave\u021bi orice semne legate de un posibil declin cognitiv, programa\u021bi-v\u0103 acum la o consulta\u021bie<span style=\"font-weight: 400;\">\u00a0<\/span><span style=\"font-weight: 400;\">contact\u00e2nd recep\u021bia <strong>Institutului RoNeuro<\/strong> la num\u0103rul de telefon<\/span><b> <a href=\"tel:+40374462222\">0374 46 2222<\/a><\/b><span style=\"font-weight: 400;\">, <strong>luni \u0219i mar\u021bi \u00eentre orele 08:00 &#8211; 19:00<\/strong>, iar de <strong>miercuri p\u00e2n\u0103 vineri \u00eentre orele 08:00 &#8211; 18:00<\/strong>.\u00a0<\/span><\/p>\n<p><span style=\"font-weight: 400;\">La momentul program\u0103rii, pute\u021bi opta \u0219i pentru consulta\u021bie neurologic\u0103 gratuit\u0103, decontat\u0103 prin Casa Na\u021bional\u0103 de Asigur\u0103ri de S\u0103n\u0103tate.\u00a0<\/span><\/p>\n<p style=\"text-align: center;\"><a style=\"background-color: #6852ed; color: white; text-decoration: none; border: none; padding: 10px 20px; cursor: pointer; display: inline-block;\" href=\"https:\/\/www.roneuro.ro\/progamari.html\">Program\u0103ri online neurologie<\/a><\/p>\n<p><span style=\"font-weight: 400;\">Locui\u021bi \u00eentr-o zon\u0103 izolat\u0103 sau nu v\u0103 pute\u021bi deplasa la clinic\u0103? Institutul RoNeuro ofer\u0103 \u0219i op\u021biunea de <\/span><b><a href=\"https:\/\/www.roneuro.ro\/telemedicina.html\" target=\"_blank\" rel=\"noopener\">telemedicin\u0103<\/a>.<\/b><\/p>\n<h2>Cum se diagnosticheaz\u0103 amnezia?<\/h2>\n<p>Un diagnostic complet necesit\u0103 o abordare multidisciplinar\u0103 pentru a investiga toate cauzele posibile ale amneziei, formele \u0219i caracteristicile acesteia. Pentru aceasta sunt necesare urm\u0103toarele etape.<\/p>\n<ul>\n<li>Istoricul pacientului \u0219i analiza simptomelor;<\/li>\n<li>Examinarea fizic\u0103;<\/li>\n<li>Examinarea neurologic\u0103;<\/li>\n<li>Teste cognitive \u0219i de memorie;<\/li>\n<li>Evaluare psihologic\u0103;<\/li>\n<li>Teste de laborator;<\/li>\n<li>Studii imagistice \u0219i test\u0103ri specializate;<\/li>\n<li>Stabilirea diagnosticului diferen\u021bial.<\/li>\n<\/ul>\n<h3>Istoricul pacientului \u0219i analiza simptomelor<\/h3>\n<p>\u00cen aceast\u0103 etap\u0103 se adun\u0103 informa\u021bii despre debutul, durata \u0219i severitatea pierderii de memorie a pacientului, evenimente declan\u0219atoare precum traume emo\u021bionale, consumul de substan\u021be halucinogene. De asemenea sunt importante \u0219i simptomele asociate, precum confuzia, dificult\u0103\u021bi de concentrare sau probleme de limbaj [8].<\/p>\n<h3>Examinarea fizic\u0103<\/h3>\n<p>\u00cen aceast\u0103 etap\u0103 se realizeaz\u0103 un examen fizic general pentru evaluarea st\u0103rii generale de s\u0103n\u0103tate \u0219i identificarea semnelor de traumatism cranian sau afec\u021biuni neurologice. Dac\u0103 au fost identificate atunci se trece la etapa urm\u0103toare, examinarea neurologic\u0103 [9].<\/p>\n<h3>Examinarea neurologic\u0103<\/h3>\n<p>\u00cen aceast\u0103 etap\u0103 sunt observate reflexele, coordonarea, for\u021ba muscular\u0103 \u0219i r\u0103spunsul senzorial pentru a detecta prezen\u021ba unor posibile leziuni ale sistemului nervos [10].<\/p>\n<h3>Teste cognitive \u0219i de memorie<\/h3>\n<p>Aceste teste sunt necesare pentru ob\u021binerea unor informa\u021bii privind func\u021bia memoriei \u0219i alte abilit\u0103\u021bi cognitive, de exemplu memoria pe termen scurt, memoria episodic\u0103, orientarea, etc [11].<\/p>\n<h3>Evaluare psihologic\u0103<\/h3>\n<p>Deoarece cauzele amneziei pot fi corelate \u0219i cu evenimente emo\u021bionale traumatizante, este necesar\u0103 evaluarea unor probleme psihologice sau psihiatrice subadiacente, precum depresia, anxietatea sau tulbur\u0103rile disociative care ar putea contribui la problemele de memorie eviden\u021biate \u00een etapele anterioare [12]. De asemenea, pot fi aplicate teste standardizate precum este standardizate (ex.: MMSE &#8211; Mini-Mental State Examination, MoCA &#8211; Montreal Cognitive Assessment).<\/p>\n<h3>Teste de laborator<\/h3>\n<p>Analizele sanguine pot eviden\u021bia dezechilibre metabolice, infec\u021bii, deficien\u021be de vitamine (de exemplu, B1, B12) sau disfunc\u021bii tiroidiene, toate acestea put\u00e2nd contribui la progresul amneziei [13]. Screening-ul toxicologic este de asemenea important pentru determinarea cauzei amneziei.<\/p>\n<h3>Studii imagistice \u0219i test\u0103ri specializate<\/h3>\n<p>Aceste investiga\u021bii ajut\u0103 la determinarea cu precizie a unor anomalii structurale ale creierului, cum ar fi <a href=\"https:\/\/roneuro.ro\/blog\/accidentul-vascular-cerebral\/\">AVC<\/a>, tumori sau traume. Scan\u0103rile CT, angio <a href=\"https:\/\/roneuro.ro\/blog\/diagnosticarea-epilepsiei\/\">RMN cerebral<\/a>, PET, indic\u0103 activitatea cerebral\u0103 \u0219i fluxul sanguin \u00een cazurile unor afec\u021biuni neurodegenerative suspectate [14]. La acestea, dac\u0103 e cazul, mai pot fi recomandate test\u0103ri specializate precum punc\u021bia lombar\u0103, \u00een cazul \u00een care sunt suspectate infec\u021bii precum meningita sau encefalita. Deasemenea, e recomandat\u0103 EEG (<a href=\"https:\/\/roneuro.ro\/blog\/ce-este-un-eeg\/\">electroencefalograma<\/a>) pentru identificarea convulsiilor sau tulbur\u0103rile de memorie legate de <a href=\"https:\/\/roneuro.ro\/blog\/ce-este-epilepsia\/\">epilepsie<\/a> [15].<\/p>\n<h3>Stabilirea diagnosticului diferen\u021bial<\/h3>\n<p>Deoarece <a href=\"https:\/\/roneuro.ro\/blog\/amnezia-globala-tranzitorie\/\">amnezia<\/a> este dificil de diagnosticat, diagnosticul final se face prin excluderea altor cauze ale pierderii de memorie, cum ar fi <a href=\"https:\/\/roneuro.ro\/blog\/dementa-alzheimer\/\">boala Alzheimer<\/a>, tumori, AVC, sau tulbur\u0103rile de memorie legate de consumul de droguri [16].<\/p>\n<h2>Tratamentul amneziei<\/h2>\n<p>Datorit\u0103 implica\u021biilor multiple ale amneziei \u0219i a simptomatologiei complexe, tratamentul necesit\u0103 o abordare multidisciplinar\u0103 cu ajutorul unei echipe format\u0103 din psihologi, neurologi, psihiatri, terapeu\u021bi ocupa\u021bionali \u0219i al\u021bii, \u00een vederea reabilit\u0103rii memoriei \u0219i a func\u021biilor afectate. Aceste tratamente se realizeaz\u0103 cu participarea activ\u0103 a pacientului. Ele trebuie s\u0103 aibe \u00een vedere:<\/p>\n<ul>\n<li><strong>Tratarea cauzelor subiacente<\/strong> (infec\u021bii, deficien\u021be nutri\u021bionale, <a href=\"https:\/\/www.roneuro.ro\/specialitati\/endocrinologie.html\">dezechilibrele hormonale<\/a>, AVC, epilepsie, deficien\u021b\u0103 de vit B1, hipotiroidism [17]);<\/li>\n<li><a href=\"https:\/\/www.roneuro.ro\/specialitati\/psihologie.html\"><strong>Reabilitarea cognitiv-comportamental\u0103<\/strong><\/a> (pentru <a href=\"https:\/\/roneuro.ro\/blog\/suportul-psihologic-pentru-pacientii-neurologici\/\">reeducarea abilit\u0103\u021bilor de memorie<\/a>, pe baza unor rutine structurate, activit\u0103\u021bi pentru re\u00eenv\u0103\u021barea unor sarcini zilnice \u0219i deprinderi [18]), terapie ocupa\u021bional\u0103;<\/li>\n<li><strong>Tratament alopat<\/strong> (pentru tulbur\u0103ri de memorie legate de <a href=\"https:\/\/www.roneuro.ro\/specialitati\/neurologie.html\">boli neurodegenerative<\/a>, sau pentru tulbur\u0103rile emo\u021bionale care pot exacerba pierderea memoriei [19]);<\/li>\n<li><strong>Modific\u0103ri ale stilului de via\u021b\u0103<\/strong> (\u00eencetarea fumatului \u0219i a consumului de alcool, aplicarea unor tehnici de relaxare pentru reducerea stresului, <a href=\"https:\/\/www.roneuro.ro\/specialitati\/nutritie-si-dietetica.html\">abordarea unei diete s\u0103n\u0103toase<\/a>, exerci\u021bii fizice regulate \u0219i somn suficient pentru a promova s\u0103n\u0103tatea creierului [20]);<\/li>\n<li><strong>Terapie de sus\u021binere<\/strong> (consiliere familial\u0103 pentru educarea \u0219i implicarea \u00eengrijitorilor \u00een procesul de reabilitare, sprijin emo\u021bional \u0219i social pentru a \u00eembun\u0103t\u0103\u021bi calitatea vie\u021bii pacientului [21]);<\/li>\n<li><strong>Tratamente emergente \u0219i experimentale<\/strong> (<a href=\"https:\/\/roneuro.ro\/blog\/stimularea-magnetica-transcraniana\/\">stimularea magnetic\u0103 transcranian\u0103<\/a> \u0219i stimularea cerebral\u0103 profund\u0103, precum \u0219i unele medicamente care \u00eembun\u0103t\u0103\u021besc memoria [21]).<\/li>\n<\/ul>\n<p><img decoding=\"async\" class=\"aligncenter wp-image-1704\" src=\"https:\/\/roneuro.ro\/blog\/wp-content\/uploads\/2025\/04\/tratamentul-amneziei-scaled.jpg\" alt=\"\" width=\"600\" height=\"446\" title=\"\" srcset=\"https:\/\/roneuro.ro\/blog\/wp-content\/uploads\/2025\/04\/tratamentul-amneziei-scaled.jpg 2560w, https:\/\/roneuro.ro\/blog\/wp-content\/uploads\/2025\/04\/tratamentul-amneziei-300x223.jpg 300w, https:\/\/roneuro.ro\/blog\/wp-content\/uploads\/2025\/04\/tratamentul-amneziei-1024x761.jpg 1024w, https:\/\/roneuro.ro\/blog\/wp-content\/uploads\/2025\/04\/tratamentul-amneziei-768x571.jpg 768w, https:\/\/roneuro.ro\/blog\/wp-content\/uploads\/2025\/04\/tratamentul-amneziei-1536x1142.jpg 1536w, https:\/\/roneuro.ro\/blog\/wp-content\/uploads\/2025\/04\/tratamentul-amneziei-2048x1523.jpg 2048w, https:\/\/roneuro.ro\/blog\/wp-content\/uploads\/2025\/04\/tratamentul-amneziei-750x558.jpg 750w, https:\/\/roneuro.ro\/blog\/wp-content\/uploads\/2025\/04\/tratamentul-amneziei-1140x848.jpg 1140w\" sizes=\"(max-width: 600px) 100vw, 600px\" \/><\/p>\n<blockquote><p>Toate aceste tratamente trebuie orientate spre maximizarea func\u021biilor cognitive disponibile \u0219i compensarea deficien\u021belor de memorie utiliz\u00e2nd o abordare multidisciplinar\u0103.<\/p><\/blockquote>\n<h2>Concluzii<\/h2>\n<p>Episoadele rare de uitare (ex.: nume, unde au fost l\u0103sate cheile) sunt normale, dar pierderile repetitive sau severe de memorie necesit\u0103 evaluare medical\u0103. Totu\u0219i, dac\u0103 se manifest\u0103 simptome clare, repetitive \u0219i de lung\u0103 durat\u0103, de pierdere a memoriei atunci trebuie apelat la consultul medical de specialitate, \u00een vederea prevenirii sau \u00eencetinirii declinului cognitiv. \u00cen\u021belegerea complet\u0103 a ceea ce \u00eenseamn\u0103 <em data-start=\"359\" data-end=\"392\">Cauzele \u0219i tratamentul amneziei<\/em> permite stabilirea unei strategii de interven\u021bie eficiente.<\/p>\n<p>\u00cen func\u021bie de cauzele care au generat amnezia sau episoadele amnezice, se alege echipa de speciali\u0219ti \u0219i se stabile\u0219te planul multidisciplinar de recuperare \u0219i tratament.<\/p>\n<p>Este important ca acest plan s\u0103 \u00eenceap\u0103 c\u00e2t mai cur\u00e2nd posibil, deoarece promptitudinea interven\u021biei neurologice \u0219i neuropsihiatrice poate avea un impact semnificativ asupra rezultatelor pe termen lung pentru s\u0103n\u0103tatea dumneavoastr\u0103.<\/p>\n<h2>Referin\u021be<\/h2>\n<ol>\n<li>Miller TD, Butler CR, Acute-onset amnesia: transient global amnesia and other causes, Practical Neurology 2022;22:201-208. Available at: <a href=\"https:\/\/pn.bmj.com\/content\/22\/3\/201\" target=\"_blank\" rel=\"noopener\">https:\/\/pn.bmj.com\/content\/22\/3\/201<\/a><\/li>\n<li>Lybrate, Inc., Amnesia &#8211; How It Is Related With Brain Surgery?. Available at: <a href=\"https:\/\/www.lybrate.com\/topic\/amnesia-how-it-is-related-with-brain-surgery\/67e68b48b4294eebeee7b8076a0ff823\" target=\"_blank\" rel=\"noopener\">https:\/\/www.lybrate.com\/topic\/amnesia-how-it-is-related-with-brain-surgery\/67e68b48b4294eebeee7b8076a0ff823<\/a><\/li>\n<li>American Brain Foundation, Disease Connections: Alzheimer\u2019s and Parkinson\u2019s. Available at: <a href=\"https:\/\/www.americanbrainfoundation.org\/disease-connections-alzheimers-and-parkinsons\/\" target=\"_blank\" rel=\"noopener\">https:\/\/www.americanbrainfoundation.org\/disease-connections-alzheimers-and-parkinsons\/<\/a><\/li>\n<li>Weill Cornell Medicine Neurological Surgery, Cognitive Remediation After Brain Tumor Surgery. Available at: <a href=\"https:\/\/neurosurgery.weillcornell.org\/condition\/brain-tumors-adults\/cognitive-remediation-after-brain-tumor-surgery\" target=\"_blank\" rel=\"noopener\">https:\/\/neurosurgery.weillcornell.org\/condition\/brain-tumors-adults\/cognitive-remediation-after-brain-tumor-surgery<\/a><\/li>\n<li>Sarah H. Lisanby, MD; Jill H. Maddox, BA; Joan Prudic, MD; et al, The Effects of Electroconvulsive Therapy on Memory of Autobiographical and Public Events, Arch Gen Psychiatry. 2000;57(6):581-590. doi:10-1001\/pubs.Arch Gen Psychiatry-ISSN-0003-990x-57-6-yoa8422 . Available at: <a href=\"https:\/\/jamanetwork.com\/journals\/jamapsychiatry\/fullarticle\/481613\" target=\"_blank\" rel=\"noopener\">https:\/\/jamanetwork.com\/journals\/jamapsychiatry\/fullarticle\/481613<\/a><\/li>\n<li>Harbor Psychiatry &amp; Mental Health, Emotional and Psychological Trauma\u2019s Role in Memory Loss. Available at: <a href=\"https:\/\/harbormentalhealth.com\/2023\/02\/17\/does-trauma-cause-memory-loss\/\" target=\"_blank\" rel=\"noopener\">https:\/\/harbormentalhealth.com\/2023\/02\/17\/does-trauma-cause-memory-loss\/<\/a><\/li>\n<li>News-Medical.Net, Lifestyle habits linked to faster cognitive decline in new study. Available at: <a href=\"https:\/\/www.news-medical.net\/news\/20240701\/Lifestyle-habits-linked-to-faster-cognitive-decline-in-new-study.aspx\" target=\"_blank\" rel=\"noopener\">https:\/\/www.news-medical.net\/news\/20240701\/Lifestyle-habits-linked-to-faster-cognitive-decline-in-new-study.aspx<\/a><\/li>\n<li>Gotur AJ, Ghotekar LH. Cognitive Neurology Continuing Medical Education: History Taking and Bedside Mental Status Examination in a Patient with Dementia. J Assoc Physicians India. 2024 Nov;72(11):68-72. doi: 10.59556\/japi.72.0732. Available at: <a href=\"https:\/\/pubmed.ncbi.nlm.nih.gov\/39563125\/\" target=\"_blank\" rel=\"noopener\">https:\/\/pubmed.ncbi.nlm.nih.gov\/39563125\/<\/a><\/li>\n<li>King NS, Crawford S, Wenden FJ, Moss NE, Wade DT, Caldwell FE. Measurement of post-traumatic amnesia: how reliable is it? J Neurol Neurosurg Psychiatry. 1997 Jan;62(1):38-42. doi: 10.1136\/jnnp.62.1.38. Available at: <a href=\"https:\/\/pubmed.ncbi.nlm.nih.gov\/9010398\/\" target=\"_blank\" rel=\"noopener\">https:\/\/pubmed.ncbi.nlm.nih.gov\/9010398\/<\/a><\/li>\n<li>Shahrokhi M, Asuncion RMD. Neurologic Exam. [Updated 2023 Jan 16]. In: StatPearls [Internet]. Treasure Island (FL): StatPearls Publishing; 2025 Jan-. Available at: <a href=\"https:\/\/www.ncbi.nlm.nih.gov\/books\/NBK557589\/\" target=\"_blank\" rel=\"noopener\">https:\/\/www.ncbi.nlm.nih.gov\/books\/NBK557589\/<\/a><\/li>\n<li>Vyhnalek M, Jester DJ, Andel R, Horakova H, Nikolai T, Lacz\u00f3 J, Matuskova V, Cechova K, Sheardova K, Hort J. Contribution of Memory Tests to Early Identification of Conversion from Amnestic Mild Cognitive Impairment to Dementia. J Alzheimers Dis. 2022;88(4):1397-1409. doi: 10.3233\/JAD-215364. Available at: <a href=\"https:\/\/pubmed.ncbi.nlm.nih.gov\/35786650\/\" target=\"_blank\" rel=\"noopener\">https:\/\/pubmed.ncbi.nlm.nih.gov\/35786650\/<\/a><\/li>\n<li>Donaldson IM. &#8222;Psychometric&#8221; assessment during transient global amnesia. Cortex. 1985 Mar;21(1):149-52. doi: 10.1016\/s0010-9452(85)80022-8. Available at: <a href=\"https:\/\/pubmed.ncbi.nlm.nih.gov\/3987308\/\" target=\"_blank\" rel=\"noopener\">https:\/\/pubmed.ncbi.nlm.nih.gov\/3987308\/<\/a><\/li>\n<li>O&#8217;Bryant SE, Zhang F, Petersen M, Hall JR, Johnson LA, Yaffe K, Mason D, Braskie M, Barber RA, Rissman RA, Mapstone M, Mielke MM, Toga AW; HABLE Study Team. A blood screening tool for detecting mild cognitive impairment and Alzheimer&#8217;s disease among community-dwelling Mexican Americans and non-Hispanic Whites: A method for increasing representation of diverse populations in clinical research. Alzheimers Dement. 2022 Jan;18(1):77-87. doi: 10.1002\/alz.12382. Available at: <a href=\"https:\/\/pubmed.ncbi.nlm.nih.gov\/34057802\/\" target=\"_blank\" rel=\"noopener\">https:\/\/pubmed.ncbi.nlm.nih.gov\/34057802\/<\/a><\/li>\n<li>Nichols EA, Kao YC, Verfaellie M, Gabrieli JD. Working memory and long-term memory for faces: Evidence from fMRI and global amnesia for involvement of the medial temporal lobes. Hippocampus. 2006;16(7):604-16. doi: 10.1002\/hipo.20190. Available at: <a href=\"https:\/\/pubmed.ncbi.nlm.nih.gov\/16770797\/\" target=\"_blank\" rel=\"noopener\">https:\/\/pubmed.ncbi.nlm.nih.gov\/16770797\/<\/a><\/li>\n<li>Imperatori C, Farina B, Todini F, Di Blasi C, Mazzucchi E, Brunetti V, Della Marca G. Abnormal EEG Power Spectra in Acute Transient Global Amnesia: A Quantitative EEG Study. Clin EEG Neurosci. 2019 May;50(3):188-195. doi: 10.1177\/1550059418780780. Available at: <a href=\"https:\/\/pubmed.ncbi.nlm.nih.gov\/29877098\/\" target=\"_blank\" rel=\"noopener\">https:\/\/pubmed.ncbi.nlm.nih.gov\/29877098\/<\/a><\/li>\n<li>Croft PB, Heathfield KW, Swash M. Differential diagnosis of transient amnesia. Br Med J. 1973 Dec 8;4(5892):593-6. doi: 10.1136\/bmj.4.5892.593. Available at: <a href=\"https:\/\/pmc.ncbi.nlm.nih.gov\/articles\/PMC1587737\/\" target=\"_blank\" rel=\"noopener\">https:\/\/pmc.ncbi.nlm.nih.gov\/articles\/PMC1587737\/<\/a><\/li>\n<li>Kopelman MD. Amnesia: organic and psychogenic. Br J Psychiatry. 1987 Apr;150:428-42. doi: 10.1192\/bjp.150.4.428. Available at: <a href=\"https:\/\/pubmed.ncbi.nlm.nih.gov\/3311268\/\" target=\"_blank\" rel=\"noopener\">https:\/\/pubmed.ncbi.nlm.nih.gov\/3311268\/<\/a><\/li>\n<li>Hara H. [Memory Rehabilitation for Amnesic with Acquired Brain Injury]. Brain Nerve. 2018 Jul;70(7):829-840. Japanese. doi: 10.11477\/mf.1416201084. Available at: <a href=\"https:\/\/pubmed.ncbi.nlm.nih.gov\/29997279\/\" target=\"_blank\" rel=\"noopener\">https:\/\/pubmed.ncbi.nlm.nih.gov\/29997279\/<\/a><\/li>\n<li>Battle CE, Abdul-Rahim AH, Shenkin SD, Hewitt J, Quinn TJ. Cholinesterase inhibitors for vascular dementia and other vascular cognitive impairments: a network meta-analysis. Cochrane Database Syst Rev. 2021 Feb 22;2(2):CD013306. doi: 10.1002\/14651858.CD013306.pub2. Available at: <a href=\"https:\/\/pubmed.ncbi.nlm.nih.gov\/33704781\/\" target=\"_blank\" rel=\"noopener\">https:\/\/pubmed.ncbi.nlm.nih.gov\/33704781\/<\/a><\/li>\n<li>Tomaszewski Farias S, Fox J, Dulaney H, Chan M, Namboodiri S, Harvey DJ, Weakley A, Rahman S, Luna C, Beech BF, Campbell L, Schmitter-Edgecombe M. Memory support training and lifestyle modifications to promote healthy aging in persons at risk for Alzheimer&#8217;s disease: a digital application supported intervention (Brain Boosters). BMC Geriatr. 2023 Dec 21;23(1):881. doi: 10.1186\/s12877-023-04574-x. Available at: <a href=\"https:\/\/pmc.ncbi.nlm.nih.gov\/articles\/PMC10740219\/\" target=\"_blank\" rel=\"noopener\">https:\/\/pmc.ncbi.nlm.nih.gov\/articles\/PMC10740219\/<\/a><\/li>\n<li>Oremus M, Tyas SL, Maxwell CJ, Konnert C, O&#8217;Connell ME, Law J. Social support availability is positively associated with memory in persons aged 45-85 years: A cross-sectional analysis of the Canadian Longitudinal Study on Aging. Arch Gerontol Geriatr. 2020 Jan-Feb;86:103962. doi: 10.1016\/j.archger.2019.103962. Available at: <a href=\"https:\/\/pubmed.ncbi.nlm.nih.gov\/31704625\/\" target=\"_blank\" rel=\"noopener\">https:\/\/pubmed.ncbi.nlm.nih.gov\/31704625\/<\/a><\/li>\n<li>Luber B, McClintock SM, Lisanby SH. Applications of transcranial magnetic stimulation and magnetic seizure therapy in the study and treatment of disorders related to cerebral aging. Dialogues Clin Neurosci. 2013 Mar;15(1):87-98. doi: 10.31887\/DCNS.2013.15.1\/bluber. Available at: <a href=\"https:\/\/pubmed.ncbi.nlm.nih.gov\/23576892\/\" target=\"_blank\" rel=\"noopener\">https:\/\/pubmed.ncbi.nlm.nih.gov\/23576892\/<\/a><\/li>\n<\/ol>\n<p>&nbsp;<\/p>\n","protected":false},"excerpt":{"rendered":"<p>Cauzele \u0219i tratamentul amneziei Amnezia poate avea multiple cauze, de la afec\u021biuni organice grave \u2013 cum ar fi accidentele vasculare cerebrale, traumatismele craniene, bolile neurodegenerative \u0219i infec\u021biile cerebrale \u2013 p\u00e2n\u0103 la factori psihoemo\u021bionali precum stresul cronic, traumele emo\u021bionale \u0219i anumite tulbur\u0103ri psihiatrice. Stilul de via\u021b\u0103, inclusiv consumul excesiv de alcool, fumatul sau caren\u021bele nutri\u021bionale, contribuie [&hellip;]<\/p>\n","protected":false},"author":2,"featured_media":1711,"comment_status":"closed","ping_status":"closed","sticky":false,"template":"","format":"standard","meta":{"jnews-multi-image_gallery":[],"jnews_single_post":{"subtitle":"","format":"standard","override":[{"template":"6","parallax":"1","fullscreen":"1","layout":"no-sidebar","sidebar":"default-sidebar","second_sidebar":"default-sidebar","sticky_sidebar":"1","share_position":"floatbottom","share_float_style":"share-normal","show_share_counter":"1","show_view_counter":"1","show_featured":"1","show_post_meta":"1","show_post_author_image":"1","show_post_date":"1","post_date_format":"default","post_date_format_custom":"Y\/m\/d","show_post_category":"1","show_post_reading_time":"1","post_reading_time_wpm":"300","post_calculate_word_method":"str_word_count","show_zoom_button":"1","zoom_button_out_step":"2","zoom_button_in_step":"3","show_post_tag":"1","show_popup_post":"1","number_popup_post":"3","show_post_related":"1","show_inline_post_related":"0"}],"image_override":[{"single_post_thumbnail_size":"crop-500","single_post_gallery_size":"crop-500"}],"trending_post_position":"meta","trending_post_label":"Trending","sponsored_post_label":"Sponsored by","disable_ad":"0"},"jnews_primary_category":[],"jnews_override_counter":{"view_counter_number":"0","share_counter_number":"0","like_counter_number":"0","dislike_counter_number":"0"},"footnotes":""},"categories":[6],"tags":[],"class_list":["post-1703","post","type-post","status-publish","format-standard","has-post-thumbnail","hentry","category-neurologie"],"_links":{"self":[{"href":"https:\/\/roneuro.ro\/blog\/wp-json\/wp\/v2\/posts\/1703","targetHints":{"allow":["GET"]}}],"collection":[{"href":"https:\/\/roneuro.ro\/blog\/wp-json\/wp\/v2\/posts"}],"about":[{"href":"https:\/\/roneuro.ro\/blog\/wp-json\/wp\/v2\/types\/post"}],"author":[{"embeddable":true,"href":"https:\/\/roneuro.ro\/blog\/wp-json\/wp\/v2\/users\/2"}],"replies":[{"embeddable":true,"href":"https:\/\/roneuro.ro\/blog\/wp-json\/wp\/v2\/comments?post=1703"}],"version-history":[{"count":5,"href":"https:\/\/roneuro.ro\/blog\/wp-json\/wp\/v2\/posts\/1703\/revisions"}],"predecessor-version":[{"id":1712,"href":"https:\/\/roneuro.ro\/blog\/wp-json\/wp\/v2\/posts\/1703\/revisions\/1712"}],"wp:featuredmedia":[{"embeddable":true,"href":"https:\/\/roneuro.ro\/blog\/wp-json\/wp\/v2\/media\/1711"}],"wp:attachment":[{"href":"https:\/\/roneuro.ro\/blog\/wp-json\/wp\/v2\/media?parent=1703"}],"wp:term":[{"taxonomy":"category","embeddable":true,"href":"https:\/\/roneuro.ro\/blog\/wp-json\/wp\/v2\/categories?post=1703"},{"taxonomy":"post_tag","embeddable":true,"href":"https:\/\/roneuro.ro\/blog\/wp-json\/wp\/v2\/tags?post=1703"}],"curies":[{"name":"wp","href":"https:\/\/api.w.org\/{rel}","templated":true}]}}